{"id":3405,"date":"2004-12-03T15:26:32","date_gmt":"2004-12-03T14:26:32","guid":{"rendered":"https:\/\/promogesa.es\/wp\/el-faro-de-vigo-aproin-premia-la-excelencia-inmobiliaria\/"},"modified":"2019-10-18T15:49:05","modified_gmt":"2019-10-18T13:49:05","slug":"aproin-rewards-the-excellence-of-the-real-estate-agency","status":"publish","type":"post","link":"https:\/\/promogesa.es\/en\/aproin-rewards-the-excellence-of-the-real-estate-agency\/","title":{"rendered":"Aproin rewards the excellence of the Real Estate Agency"},"content":{"rendered":"<div class=\"wpb-content-wrapper\"><p>[vc_row full_width=&#8221;stretch_row_content_no_spaces&#8221; mobile_pt=&#8221;padding-xs-45t&#8221; css=&#8221;.vc_custom_1561967785619{background-image: url(https:\/\/promogesa.es\/wp-content\/uploads\/2019\/04\/promogesa-blog.jpg?id=2991) !important;background-position: center !important;background-repeat: no-repeat !important;background-size: cover !important;}&#8221;][vc_column][vc_banner_title color_style=&#8221;light&#8221; subtitle=&#8221;Aproin rewards the excellence of the Real Estate Agency&#8221; title=&#8221;Notas de prensa&#8221; img=&#8221;168&#8243; columns=&#8221;%5B%7B%7D%5D&#8221;][\/vc_banner_title][\/vc_column][\/vc_row][vc_row desctop_mt=&#8221;margin-lg-35t&#8221;][vc_column][vc_custom_heading text=&#8221;Aproin rewards the excellence of the Real Estate Agency&#8221; font_container=&#8221;tag:h2|font_size:28|text_align:left&#8221; use_theme_fonts=&#8221;yes&#8221;][vc_column_text]The development promoter Gestoso INC. collected the prize to the \u201cGalician Building 10\u201d by a building built in the Elliptic Square 7 The eleventh edition of the prize Aproin to the \u201cGalician Building 10\u201d, that this year was to a building situated in the number 7 of the plaza Francisco Fern\u00e1ndez del Riego Last night in the financial Club of Vigo a lot of representatives of the collective business, political, cultural and social from Vigo were congregated. The gala, that was presided by the first vice president and Conselleiro of Territorial Politics of the Xunta, Alberto N\u00fa\u00f1ez Feij\u00f3o, and by the mayor of the city, Corina Porro, in this act was praised the strength of the Galician real estate sector, analyzed its perspectives of future and the best of the Galician architectural patrimony was claimed. N\u00fa\u00f1ez Feij\u00f3o did special emphasis during its speech, in this individual. \u201c Our ancestors built better than us\u201d, he said, while he announced the imminent establishment of the Proxecto Terra in the galician Institutes, a program directed to promote since the educational institutions a culture of respect and protection of the territory. The objective is that in the first semester of 2005 already comience to be given the agenda by the teachers integrated in the project, that will receive formation from January.<br \/>\nSo much the first vice president as the mayor did mention to the new PGOM of Vigo and they appealed to the \u201ccommon sense\u201d like better arms to develop it. Angel Gallego shared this desire, president of Aproin (Association of real estate Developers of the Province of Pontevedra).<br \/>\nThe building rewarded\u201cMr. Enrique\u201d, of which people who was there could see a video, and the building has 5 basements for junk rooms, wine cellars, installations and parking; semibassement for community local and services; commercial ground floor and a access to the eight floors and to finish it\u00b4s the penthouse,in a total 40 apartments.[\/vc_column_text][\/vc_column][\/vc_row]<\/p>\n<\/div>","protected":false},"excerpt":{"rendered":"<p>Nota de prensa publicada el 3 de diciembre de 2004 en el Faro de Vigo.<\/p>\n","protected":false},"author":2,"featured_media":3046,"comment_status":"open","ping_status":"open","sticky":false,"template":"","format":"standard","meta":{"footnotes":""},"categories":[46],"tags":[],"class_list":["post-3405","post","type-post","status-publish","format-standard","has-post-thumbnail","hentry","category-press-releases"],"_links":{"self":[{"href":"https:\/\/promogesa.es\/en\/wp-json\/wp\/v2\/posts\/3405"}],"collection":[{"href":"https:\/\/promogesa.es\/en\/wp-json\/wp\/v2\/posts"}],"about":[{"href":"https:\/\/promogesa.es\/en\/wp-json\/wp\/v2\/types\/post"}],"author":[{"embeddable":true,"href":"https:\/\/promogesa.es\/en\/wp-json\/wp\/v2\/users\/2"}],"replies":[{"embeddable":true,"href":"https:\/\/promogesa.es\/en\/wp-json\/wp\/v2\/comments?post=3405"}],"version-history":[{"count":3,"href":"https:\/\/promogesa.es\/en\/wp-json\/wp\/v2\/posts\/3405\/revisions"}],"predecessor-version":[{"id":3536,"href":"https:\/\/promogesa.es\/en\/wp-json\/wp\/v2\/posts\/3405\/revisions\/3536"}],"wp:featuredmedia":[{"embeddable":true,"href":"https:\/\/promogesa.es\/en\/wp-json\/wp\/v2\/media\/3046"}],"wp:attachment":[{"href":"https:\/\/promogesa.es\/en\/wp-json\/wp\/v2\/media?parent=3405"}],"wp:term":[{"taxonomy":"category","embeddable":true,"href":"https:\/\/promogesa.es\/en\/wp-json\/wp\/v2\/categories?post=3405"},{"taxonomy":"post_tag","embeddable":true,"href":"https:\/\/promogesa.es\/en\/wp-json\/wp\/v2\/tags?post=3405"}],"curies":[{"name":"wp","href":"https:\/\/api.w.org\/{rel}","templated":true}]}}